{"id":10559,"date":"2026-09-04T14:12:45","date_gmt":"2026-09-04T12:12:45","guid":{"rendered":"https:\/\/ambrosiepartners.it\/website\/?p=10559"},"modified":"2026-09-04T14:12:46","modified_gmt":"2026-09-04T12:12:46","slug":"centro-coni-orientamento-e-avviamento-allo-sport-adesioni-al-10-09-2026","status":"publish","type":"post","link":"https:\/\/ambrosiepartners.it\/website\/2026\/09\/04\/centro-coni-orientamento-e-avviamento-allo-sport-adesioni-al-10-09-2026\/","title":{"rendered":"CENTRO CONI: ORIENTAMENTO E AVVIAMENTO ALLO SPORT. ADESIONI AL 10\/09\/2026"},"content":{"rendered":"<div class=\"wp-block-image\">\n<figure class=\"alignleft size-medium\"><img loading=\"lazy\" decoding=\"async\" width=\"300\" height=\"200\" src=\"https:\/\/ambrosiepartners.it\/website\/wp-content\/uploads\/2026\/09\/shutterstock_2794410453-300x200.jpg\" alt=\"\" class=\"wp-image-10561\" srcset=\"https:\/\/ambrosiepartners.it\/website\/wp-content\/uploads\/2026\/09\/shutterstock_2794410453-300x200.jpg 300w, https:\/\/ambrosiepartners.it\/website\/wp-content\/uploads\/2026\/09\/shutterstock_2794410453-768x513.jpg 768w, https:\/\/ambrosiepartners.it\/website\/wp-content\/uploads\/2026\/09\/shutterstock_2794410453-112x75.jpg 112w, https:\/\/ambrosiepartners.it\/website\/wp-content\/uploads\/2026\/09\/shutterstock_2794410453-480x321.jpg 480w, https:\/\/ambrosiepartners.it\/website\/wp-content\/uploads\/2026\/09\/shutterstock_2794410453.jpg 1000w\" sizes=\"auto, (max-width:767px) 300px, 300px\" \/><\/figure>\n<\/div>\n\n\n<p class=\"wp-block-paragraph\">Dal 16.07.2026 \u00e8 disponibile sul sito del CONI <a href=\"https:\/\/www.coni.it\/it\/centri-coni\/progetto.html\" target=\"_blank\" rel=\"noreferrer noopener\">l&#8217;avviso pubblico per l&#8217;adesione al progetto &#8220;Centro CONI &#8211; Orientamento e avviamento allo sport&#8221;,<\/a> rivolto alle associazioni e societ\u00e0 sportive dilettantistiche per promuovere l&#8217;attivit\u00e0 giovanile nella fascia di et\u00e0 5 &#8211; 14 anni.<\/p>\n\n\n\n<p class=\"wp-block-paragraph\">Il percorso educativo multidisciplinare copre l&#8217;intero anno (Centro CONI nella stagione invernale &#8211; Educamp nel periodo estivo) e garantisce ai tecnici delle Asd\/Ssd aderenti una formazione gratuita e qualificante.<\/p>\n\n\n\n<p class=\"wp-block-paragraph\">E\u2019 richiesta l&#8217;iscrizione in corso di validit\u00e0 al Registro delle Attivit\u00e0 Sportive dilettantistiche, la disponibilit\u00e0 di un impianto adeguato e di educatori tecnico-sportivi qualificati, oltre a un&#8217;esperienza documentata nel settore giovanile.<\/p>\n\n\n\n<p class=\"wp-block-paragraph\">Le candidature devono essere trasmesse tramite la piattaforma di progetto entro le ore 23:59 del 10.09.2026.<\/p>\n\n\n\n<ul class=\"wp-block-list\">\n<li><strong>Gli sportivi dilettanti effettivi<\/strong>: sono circa <strong>71.000 persone<\/strong> (pari al <strong>61,5%<\/strong> del totale), una cifra in forte espansione con un incremento dell&#8217;<strong>11,6%<\/strong> rispetto all&#8217;anno precedente.<\/li>\n\n\n\n<li><strong>Il personale gestionale e amministrativo (&#8220;Altro&#8221;)<\/strong>: questa categoria, che include anche chi ricopre cariche elettive o svolge mansioni amministrative, registra invece una contrazione del <strong>5,6%<\/strong>.<\/li>\n<\/ul>\n\n\n\n<p class=\"wp-block-paragraph\">La vera costante del settore resta la tipologia contrattuale. I rapporti di lavoro dipendente rimangono del tutto marginali: la quota di sportivi dilettanti con un contratto di dipendente \u00e8 appena il <strong>4,3%<\/strong> del totale dei dipendenti occupati in Asd e Ssd. Al contrario, la quasi totalit\u00e0 degli sportivi opera sotto forma di <strong>collaboratori iscritti alla Gestione separata<\/strong>, dove rappresentano l&#8217;<strong>82,6%<\/strong> del totale.Identikit del lavoratore sportivo: genere, et\u00e0 e divari territorialiDall&#8217;analisi dell&#8217;Inps emerge un profilo demografico ben delineato delle figure professionali attive nello sport dilettantistico:<\/p>\n\n\n\n<ul class=\"wp-block-list\">\n<li><strong>Genere<\/strong>: si rileva una netta prevalenza maschile, con gli uomini che rappresentano il <strong>62,2%<\/strong> della forza lavoro.<\/li>\n\n\n\n<li><strong>Et\u00e0<\/strong>: nonostante gli under 35 costituiscano una fetta rilevante dell&#8217;occupazione (<strong>45,6%<\/strong>), l&#8217;et\u00e0 media complessiva supera comunque i <strong>39 anni<\/strong> per entrambi i sessi.<\/li>\n\n\n\n<li><strong>Distribuzione geografica<\/strong>: le asimmetrie territoriali restano marcate. Ben il <strong>55%<\/strong> degli sportivi dilettanti \u00e8 concentrato nelle regioni del <strong>Nord Italia<\/strong>, mentre il <strong>27%<\/strong> opera nel <strong>Centro<\/strong> e solo il <strong>17,9%<\/strong> nel <strong>Mezzogiorno<\/strong>.<\/li>\n<\/ul>\n\n\n\n<p class=\"wp-block-paragraph\">Un cammino ancora lungo verso la professionalizzazioneIn definitiva, i dati dell&#8217;Inps confermano che la riforma sta progressivamente facendo emergere il lavoro sommerso, favorendo una continua regolarizzazione dei rapporti d&#8217;impiego. Ciononostante, i numeri complessivi sono ancora contenuti e descrivono un settore strutturalmente legato al modello associazionistico e caratterizzato da una fortissima dipendenza dalle collaborazioni autonome. Il percorso verso una completa e matura professionalizzazione del comparto appare ancora lungo.<\/p>\n","protected":false},"excerpt":{"rendered":"<p>Dal 16.07.2026 \u00e8 disponibile sul sito del CONI l&#8217;avviso pubblico per l&#8217;adesione al progetto &#8220;Centro CONI &#8211; Orientamento e avviamento allo sport&#8221;, rivolto alle associazioni e<span class=\"excerpt-hellip\"> [\u2026]<\/span><\/p>\n","protected":false},"author":2,"featured_media":10561,"comment_status":"open","ping_status":"open","sticky":false,"template":"","format":"standard","meta":{"footnotes":""},"categories":[2],"tags":[],"class_list":["post-10559","post","type-post","status-publish","format-standard","has-post-thumbnail","hentry","category-news"],"_links":{"self":[{"href":"https:\/\/ambrosiepartners.it\/website\/wp-json\/wp\/v2\/posts\/10559","targetHints":{"allow":["GET"]}}],"collection":[{"href":"https:\/\/ambrosiepartners.it\/website\/wp-json\/wp\/v2\/posts"}],"about":[{"href":"https:\/\/ambrosiepartners.it\/website\/wp-json\/wp\/v2\/types\/post"}],"author":[{"embeddable":true,"href":"https:\/\/ambrosiepartners.it\/website\/wp-json\/wp\/v2\/users\/2"}],"replies":[{"embeddable":true,"href":"https:\/\/ambrosiepartners.it\/website\/wp-json\/wp\/v2\/comments?post=10559"}],"version-history":[{"count":1,"href":"https:\/\/ambrosiepartners.it\/website\/wp-json\/wp\/v2\/posts\/10559\/revisions"}],"predecessor-version":[{"id":10562,"href":"https:\/\/ambrosiepartners.it\/website\/wp-json\/wp\/v2\/posts\/10559\/revisions\/10562"}],"wp:featuredmedia":[{"embeddable":true,"href":"https:\/\/ambrosiepartners.it\/website\/wp-json\/wp\/v2\/media\/10561"}],"wp:attachment":[{"href":"https:\/\/ambrosiepartners.it\/website\/wp-json\/wp\/v2\/media?parent=10559"}],"wp:term":[{"taxonomy":"category","embeddable":true,"href":"https:\/\/ambrosiepartners.it\/website\/wp-json\/wp\/v2\/categories?post=10559"},{"taxonomy":"post_tag","embeddable":true,"href":"https:\/\/ambrosiepartners.it\/website\/wp-json\/wp\/v2\/tags?post=10559"}],"curies":[{"name":"wp","href":"https:\/\/api.w.org\/{rel}","templated":true}]}}